{"id":87517,"date":"2026-09-05T14:52:04","date_gmt":"2026-09-05T12:52:04","guid":{"rendered":"https:\/\/www.santacroceweb.com\/?p=87517"},"modified":"2026-09-05T14:53:49","modified_gmt":"2026-09-05T12:53:49","slug":"ccr-di-martino-abbiamo-scelto-di-garantire-il-servizio-ai-cittadini-ora-ripristino-ordine-e-sicurezza","status":"publish","type":"post","link":"https:\/\/www.santacroceweb.com\/index.php\/2026\/09\/05\/ccr-di-martino-abbiamo-scelto-di-garantire-il-servizio-ai-cittadini-ora-ripristino-ordine-e-sicurezza\/","title":{"rendered":"CCR, Di Martino: \u00abAbbiamo scelto di garantire il servizio ai cittadini. Ora ripristino, ordine e sicurezza\u00bb"},"content":{"rendered":"<p class=\"p2\"><span class=\"s1\">La situazione del Centro Comunale di Raccolta torna al centro del dibattito a Santa Croce Camerina, dopo le polemiche dei giorni scorsi sul sovraffollamento dell\u2019area e sulle condizioni del centro. A intervenire \u00e8 il sindaco Peppe Dimartino, che affida a una lunga nota la ricostruzione delle scelte compiute dall\u2019Amministrazione durante la stagione estiva e annuncia, alla luce delle criticit\u00e0 riscontrate, la chiusura temporanea del CCR per due giornate. Il primo punto sul quale il sindaco intende fare chiarezza riguarda la decisione di mantenere operativo il servizio anche nel periodo estivo, nonostante le difficolt\u00e0 registrate negli impianti destinati a ricevere i rifiuti. \u00abD\u2019accordo con l\u2019Assessore all\u2019Ambiente, durante la stagione estiva, anche alla luce delle difficolt\u00e0, della chiusura e del sovraffollamento che hanno interessato gli impianti riceventi, abbiamo fatto una scelta precisa: non sospendere, nel periodo pi\u00f9 affollato dell\u2019anno, il servizio di raccolta e del CCR e continuare a garantire, prioritariamente, ai cittadini la possibilit\u00e0 di conferire regolarmente i propri rifiuti\u00bb, scriveDimartino. Una scelta che il primo cittadino definisce \u00abassunta con senso di responsabilit\u00e0\u00bb, sottolineando come, a suo dire, in altri Comuni le difficolt\u00e0 legate alla gestione degli impianti abbiano portato alla sospensione, anche per pi\u00f9 giornate, di alcuni servizi di raccolta e conferimento. \u00abNoi abbiamo ritenuto prioritario evitarlo, per non creare ulteriori disagi alle famiglie e, soprattutto, per non rischiare che l\u2019impossibilit\u00e0 di conferire correttamente i rifiuti potesse favorire potenziali abbandoni sul territorio\u00bb, afferma ancora il sindaco. Dimartino entra quindi nel merito delle critiche sollevate sulla situazione del CCR e rivendica la scelta dell\u2019Amministrazione di privilegiare la continuit\u00e0 del servizio. \u00ab\u00c8 facile, a parole e attraverso le polemiche, pretendere un territorio sempre pulito. Pi\u00f9 difficile \u00e8 assumersi la responsabilit\u00e0 delle scelte e valutare concretamente quale sia, nelle situazioni di difficolt\u00e0, la soluzione che tutela maggiormente la Comunit\u00e0\u00bb, sostiene. Il sindaco pone quindi quella che, nella sua ricostruzione, \u00e8 stata la scelta di fondo dell\u2019Amministrazione: garantire comunque ai cittadini la possibilit\u00e0 di conferire i rifiuti, anche a fronte delle difficolt\u00e0 nella gestione degli impianti. \u00abTra il potenziale rischio di vedere i rifiuti abbandonati per strada e la necessit\u00e0 di gestire temporaneamente una situazione di sovraffollamento all\u2019interno del Centro di Raccolta, abbiamo scelto di continuare a garantire ai cittadini, a cui diamo priorit\u00e0 assoluta, un luogo in cui conferire i propri rifiuti, assumendoci la responsabilit\u00e0 di una scelta concreta nell\u2019interesse del territorio, anzich\u00e9 limitarci alla polemica\u00bb, afferma Dimartino. Il primo cittadino, tuttavia, precisa che la decisione di mantenere aperto il CCR non significa, da parte dell\u2019Amministrazione, sottovalutare le criticit\u00e0 emerse. \u00abQuesto, per\u00f2, non significa ignorare le criticit\u00e0 che si sono verificate\u00bb, scrive infatti il sindaco. Ed \u00e8 proprio sul sovraffollamento registrato all\u2019interno del Centro Comunale di Raccolta che Di Martino individua una responsabilit\u00e0 nella gestione dell\u2019impianto. \u00abIl sovraffollamento registrato presso il CCR avrebbe dovuto e potuto essere gestito meglio dalla ditta incaricata della gestione dell\u2019impianto\u00bb, sostiene il sindaco, spiegando che l\u2019Amministrazione sarebbe gi\u00e0 intervenuta nei giorni precedenti. \u00abPer questo l\u2019Amministrazione \u00e8 gi\u00e0 intervenuta nei giorni scorsi, chiedendo il ripristino delle condizioni di ordine e sicurezza e avviando le procedure previste in relazione alle carenze riscontrate nella gestione\u00bb, aggiunge. Alla luce della situazione attuale, arriva quindi la decisione di sospendere temporaneamente l\u2019attivit\u00e0 del Centro. \u00abAbbiamo quindi disposto la chiusura temporanea del CCR per due giorni, per le giornate di luned\u00ec e marted\u00ec, cos\u00ec da consentire alla ditta di risistemare e riordinare completamente l\u2019area e smaltire quanto accumulato in eccesso, riportando il Centro nelle condizioni necessarie per una gestione ordinata e sicura\u00bb, comunica Dimartino. Una chiusura che, nella spiegazione del sindaco, avrebbe dunque una finalit\u00e0 precisa: consentire gli interventi necessari per riportare l\u2019area in condizioni di ordine e sicurezza e permettere lo smaltimento dei materiali accumulati. \u00abLa nostra priorit\u00e0 resta una: tutelare i cittadini e garantire il servizio\u00bb, ribadisce il primo cittadino. \u00abLo abbiamo fatto scegliendo, anche nei giorni pi\u00f9 difficili, di mantenere aperto il CCR; lo facciamo oggi pretendendo dal gestore il rispetto degli standard di ordine, efficienza e sicurezza\u00bb. In conclusione, Dimartino rivendica la linea adottata dall\u2019Amministrazione e respinge l\u2019idea che le criticit\u00e0 debbano essere nascoste. \u00abLe criticit\u00e0 non vanno nascoste, ma affrontate e risolte. Ed \u00e8 esattamente quello che stiamo facendo\u00bb, conclude il sindaco di Santa Croce Camerina. La vicenda del CCR resta dunque al centro dell\u2019attenzione, con la temporanea chiusura di luned\u00ec e marted\u00ec indicata dall\u2019Amministrazione come il passaggio necessario per consentire al gestore di intervenire sull\u2019area e riportare il Centro a condizioni di maggiore ordine e sicurezza.<\/span><\/p>\n","protected":false},"excerpt":{"rendered":"<p>La situazione del Centro Comunale di Raccolta torna al centro del dibattito a Santa Croce Camerina, dopo le polemiche dei giorni scorsi sul sovraffollamento dell\u2019area e sulle condizioni del centro. A intervenire \u00e8 il sindaco Peppe Dimartino, che affida a una lunga nota la ricostruzione delle scelte compiute dall\u2019Amministrazione durante la stagione estiva e annuncia, [&hellip;]<\/p>\n","protected":false},"author":34,"featured_media":87518,"comment_status":"closed","ping_status":"open","sticky":false,"template":"","format":"standard","meta":{"footnotes":""},"categories":[8,11],"tags":[],"class_list":["post-87517","post","type-post","status-publish","format-standard","has-post-thumbnail","hentry","category-attualita","category-primopiano"],"_links":{"self":[{"href":"https:\/\/www.santacroceweb.com\/index.php\/wp-json\/wp\/v2\/posts\/87517","targetHints":{"allow":["GET"]}}],"collection":[{"href":"https:\/\/www.santacroceweb.com\/index.php\/wp-json\/wp\/v2\/posts"}],"about":[{"href":"https:\/\/www.santacroceweb.com\/index.php\/wp-json\/wp\/v2\/types\/post"}],"author":[{"embeddable":true,"href":"https:\/\/www.santacroceweb.com\/index.php\/wp-json\/wp\/v2\/users\/34"}],"replies":[{"embeddable":true,"href":"https:\/\/www.santacroceweb.com\/index.php\/wp-json\/wp\/v2\/comments?post=87517"}],"version-history":[{"count":3,"href":"https:\/\/www.santacroceweb.com\/index.php\/wp-json\/wp\/v2\/posts\/87517\/revisions"}],"predecessor-version":[{"id":87521,"href":"https:\/\/www.santacroceweb.com\/index.php\/wp-json\/wp\/v2\/posts\/87517\/revisions\/87521"}],"wp:featuredmedia":[{"embeddable":true,"href":"https:\/\/www.santacroceweb.com\/index.php\/wp-json\/wp\/v2\/media\/87518"}],"wp:attachment":[{"href":"https:\/\/www.santacroceweb.com\/index.php\/wp-json\/wp\/v2\/media?parent=87517"}],"wp:term":[{"taxonomy":"category","embeddable":true,"href":"https:\/\/www.santacroceweb.com\/index.php\/wp-json\/wp\/v2\/categories?post=87517"},{"taxonomy":"post_tag","embeddable":true,"href":"https:\/\/www.santacroceweb.com\/index.php\/wp-json\/wp\/v2\/tags?post=87517"}],"curies":[{"name":"wp","href":"https:\/\/api.w.org\/{rel}","templated":true}]}}