{"id":87532,"date":"2026-09-06T17:59:38","date_gmt":"2026-09-06T15:59:38","guid":{"rendered":"https:\/\/www.santacroceweb.com\/?p=87532"},"modified":"2026-09-06T17:59:38","modified_gmt":"2026-09-06T15:59:38","slug":"nasce-la-santacroce-academy-il-nuovo-polo-del-calcio-giovanile-a-santa-croce-camerina-affiliato-con-ludinese","status":"publish","type":"post","link":"https:\/\/www.santacroceweb.com\/index.php\/2026\/09\/06\/nasce-la-santacroce-academy-il-nuovo-polo-del-calcio-giovanile-a-santa-croce-camerina-affiliato-con-ludinese\/","title":{"rendered":"Nasce la Santacroce Academy: il nuovo polo del calcio giovanile a Santa Croce Camerina affiliato con l\u2019Udinese"},"content":{"rendered":"<p style=\"text-align: justify;\">Una splendida novit\u00e0 illumina il panorama sportivo di Santa Croce Camerina. \u00c8 nata ufficialmente la <strong>Santacroce Academy<\/strong>, una nuova scuola calcio dedicata ai bambini e ai ragazzi dai 5 ai 17 anni. Il progetto non vuole solo formare piccoli calciatori, ma si impegna a far crescere i giovani come persone, trasmettendo i sani valori dello sport sia dentro che fuori dal campo. Una delle notizie pi\u00f9 importanti \u00e8 l&#8217;esclusiva <strong>affiliazione ufficiale con l\u2019Udinese Calcio<\/strong>, un club storico della Serie A. Questo accordo rappresenta un enorme passo avanti per tutto il territorio. Permetter\u00e0 infatti ai ragazzi di seguire programmi tecnici ed educativi di altissimo livello.<\/p>\n<p style=\"text-align: justify;\"><span style=\"color: #ff0000;\"><strong>Quattro pilastri per far crescere i giovani atleti<\/strong><\/span><\/p>\n<p style=\"text-align: justify;\">La Santacroce Academy \u00e8 una realt\u00e0 nuova, ma che poggia sulle spalle di professionisti con una lunga esperienza nel settore. La filosofia della scuola si basa su quattro concetti chiave:<\/p>\n<ul style=\"text-align: justify;\">\n<li>\u26bd <strong>Metodo Professionale:<\/strong> Ogni fascia d&#8217;et\u00e0 ha un programma tecnico su misura, basato sulle idee del calcio moderno.<\/li>\n<li>\ud83c\udfc6 <strong>Staff Qualificato:<\/strong> Gli allenatori hanno un passato importante nel calcio giocato e mettono in campo competenza e dedizione.<\/li>\n<li>\ud83c\udf31 <strong>Crescita Totale:<\/strong> Il lavoro si concentra sullo sviluppo tecnico e fisico, ma prima di tutto su quello umano.<\/li>\n<li>\ud83c\udfaf <strong>Visione Chiara:<\/strong> C&#8217;\u00e8 un percorso preciso dai 5 ai 17 anni, con traguardi specifici stabiliti per ogni stagione sportiva.<\/li>\n<\/ul>\n<p style=\"text-align: justify;\"><span style=\"color: #ff0000;\"><strong>Un team unito e professionale<\/strong><\/span><\/p>\n<p style=\"text-align: justify;\">Dietro la Santacroce Academy c\u2019\u00e8 un gruppo affiatato che lavora ogni giorno con grande passione. La societ\u00e0 \u00e8 guidata dal presidente <strong>Damiano Gulino<\/strong> e dal vicepresidente <strong>Xhemali Skuqi, conosciuto da tutti come \u201cJimmy\u201d<\/strong>. La direzione sportiva \u00e8 affidata a <strong>Giovanni Zisa<\/strong>, mentre il ruolo di manager \u00e8 ricoperto da <strong>Paolo Fuggetta<\/strong>.<\/p>\n<p style=\"text-align: justify;\">La squadra \u00e8 composta da:<\/p>\n<ul style=\"text-align: justify;\">\n<li><strong>I dirigenti:<\/strong> Guglielmo Ferraro, Lorenzo Catalano, Amerigo Trovato, Stefano Bennice, Giovanni Salme e Bartolo Cullemi.<\/li>\n<li><strong>Lo staff tecnico:<\/strong> Gli allenatori Ronny Valerio, Ruben La Perna, Angelo Lami, Daniele Di Martino, Giovanni Licitra e Luca Farina.<\/li>\n<\/ul>\n<p style=\"text-align: justify;\"><span style=\"color: #ff0000;\"><strong>Sei categorie per ogni fascia d&#8217;et\u00e0<\/strong><\/span><\/p>\n<p style=\"text-align: justify;\">Il percorso della scuola calcio \u00e8 diviso in sei passaggi, pensati per seguire i bambini passo dopo passo nella loro crescita:<\/p>\n<ol style=\"text-align: justify;\">\n<li><strong>Piccoli Amici (5-6 anni):<\/strong> Coordinazione motoria, socializzazione e tanto divertimento.<\/li>\n<li><strong>Primi Calci (7-8 anni):<\/strong> Tecnica di base, controllo della palla e gioco di squadra.<\/li>\n<li><strong>Pulcini (U9, U10, U11):<\/strong> Tecnica avanzata, situazioni di gioco e crescita atletica.<\/li>\n<li><strong>Esordienti (U12, U13):<\/strong> Tattica individuale, preparazione fisica e gare regionali.<\/li>\n<li><strong>Giovanissimi (U14, U15):<\/strong> Sviluppo agonistico, tattica e mental coaching.<\/li>\n<li><strong>Allievi (U16, U17):<\/strong> Alta prestazione e preparazione per i campionati professionistici.<\/li>\n<\/ol>\n<p style=\"text-align: justify;\"><span style=\"color: #ff0000;\"><strong>\u00a0<\/strong><strong>Tecnologia e alleati preziosi<\/strong><\/span><\/p>\n<p style=\"text-align: justify;\">La Santacroce Academy dice addio ai vecchi moduli di carta e ai messaggi persi nelle chat di gruppo. Grazie a un moderno <strong>portale online per le famiglie<\/strong>, i genitori possono gestire le iscrizioni, controllare il calendario degli allenamenti e fare i pagamenti in modo digitale, tutto dal proprio smartphone. Questo grande inizio \u00e8 stato reso possibile anche grazie al sostegno di sponsor importanti come <strong>Rosario Di Marco SRLS<\/strong> e <strong>Zeus Vittoria<\/strong>, oltre al ringraziamento speciale che la societ\u00e0 rivolge a tutte le famiglie e ai ragazzi che hanno subito creduto in questa bellissima avventura.<\/p>\n<p style=\"text-align: justify;\"><span style=\"color: #ff0000;\"><strong>Come ricevere informazioni e iscriversi<\/strong><\/span><\/p>\n<p style=\"text-align: justify;\">Le iscrizioni sono aperte. Per conoscere da vicino la societ\u00e0, vedere gli allenamenti o iscrivere i propri figli, \u00e8 possibile visitare i canali ufficiali:<\/p>\n<ul>\n<li style=\"text-align: justify;\"><strong>Sito Web:<\/strong> <span style=\"color: #0000ff;\">www.santacroceacademy.it<\/span><\/li>\n<li style=\"text-align: left;\"><strong>Social Network:<\/strong> Cerca <strong>Santa Croce Academy<\/strong> su Facebook, Instagram e TikTok.<img fetchpriority=\"high\" decoding=\"async\" class=\"alignnone wp-image-87534 size-full lazyload\" src=\"data:image\/gif;base64,R0lGODlhAQABAAAAACH5BAEKAAEALAAAAAABAAEAAAICTAEAOw==\" data-src=\"https:\/\/www.santacroceweb.com\/giornale1\/wp-content\/uploads\/2026\/09\/Immagine-4.jpg\" alt=\"\" width=\"986\" height=\"792\" data-sizes=\"auto\" data-srcset=\"https:\/\/www.santacroceweb.com\/giornale1\/wp-content\/uploads\/2026\/09\/Immagine-4.jpg 986w, https:\/\/www.santacroceweb.com\/giornale1\/wp-content\/uploads\/2026\/09\/Immagine-4-300x241.jpg 300w, https:\/\/www.santacroceweb.com\/giornale1\/wp-content\/uploads\/2026\/09\/Immagine-4-768x617.jpg 768w, https:\/\/www.santacroceweb.com\/giornale1\/wp-content\/uploads\/2026\/09\/Immagine-4-680x546.jpg 680w, https:\/\/www.santacroceweb.com\/giornale1\/wp-content\/uploads\/2026\/09\/Immagine-4-200x161.jpg 200w, https:\/\/www.santacroceweb.com\/giornale1\/wp-content\/uploads\/2026\/09\/Immagine-4-20x16.jpg 20w\" sizes=\"(max-width: 986px) 100vw, 986px\" \/> <img decoding=\"async\" class=\"alignnone wp-image-87535 size-full lazyload\" src=\"data:image\/gif;base64,R0lGODlhAQABAAAAACH5BAEKAAEALAAAAAABAAEAAAICTAEAOw==\" data-src=\"https:\/\/www.santacroceweb.com\/giornale1\/wp-content\/uploads\/2026\/09\/Immagine-5.jpg\" alt=\"\" width=\"1041\" height=\"766\" data-sizes=\"auto\" data-srcset=\"https:\/\/www.santacroceweb.com\/giornale1\/wp-content\/uploads\/2026\/09\/Immagine-5.jpg 1041w, https:\/\/www.santacroceweb.com\/giornale1\/wp-content\/uploads\/2026\/09\/Immagine-5-300x221.jpg 300w, https:\/\/www.santacroceweb.com\/giornale1\/wp-content\/uploads\/2026\/09\/Immagine-5-1024x753.jpg 1024w, https:\/\/www.santacroceweb.com\/giornale1\/wp-content\/uploads\/2026\/09\/Immagine-5-768x565.jpg 768w, https:\/\/www.santacroceweb.com\/giornale1\/wp-content\/uploads\/2026\/09\/Immagine-5-680x500.jpg 680w, https:\/\/www.santacroceweb.com\/giornale1\/wp-content\/uploads\/2026\/09\/Immagine-5-200x147.jpg 200w, https:\/\/www.santacroceweb.com\/giornale1\/wp-content\/uploads\/2026\/09\/Immagine-5-20x15.jpg 20w\" sizes=\"(max-width: 1041px) 100vw, 1041px\" \/><\/li>\n<\/ul>\n","protected":false},"excerpt":{"rendered":"<p>Una splendida novit\u00e0 illumina il panorama sportivo di Santa Croce Camerina. \u00c8 nata ufficialmente la Santacroce Academy, una nuova scuola calcio dedicata ai bambini e ai ragazzi dai 5 ai 17 anni. Il progetto non vuole solo formare piccoli calciatori, ma si impegna a far crescere i giovani come persone, trasmettendo i sani valori dello [&hellip;]<\/p>\n","protected":false},"author":34,"featured_media":87533,"comment_status":"closed","ping_status":"open","sticky":false,"template":"","format":"standard","meta":{"footnotes":""},"categories":[3],"tags":[],"class_list":["post-87532","post","type-post","status-publish","format-standard","has-post-thumbnail","hentry","category-sport"],"_links":{"self":[{"href":"https:\/\/www.santacroceweb.com\/index.php\/wp-json\/wp\/v2\/posts\/87532","targetHints":{"allow":["GET"]}}],"collection":[{"href":"https:\/\/www.santacroceweb.com\/index.php\/wp-json\/wp\/v2\/posts"}],"about":[{"href":"https:\/\/www.santacroceweb.com\/index.php\/wp-json\/wp\/v2\/types\/post"}],"author":[{"embeddable":true,"href":"https:\/\/www.santacroceweb.com\/index.php\/wp-json\/wp\/v2\/users\/34"}],"replies":[{"embeddable":true,"href":"https:\/\/www.santacroceweb.com\/index.php\/wp-json\/wp\/v2\/comments?post=87532"}],"version-history":[{"count":2,"href":"https:\/\/www.santacroceweb.com\/index.php\/wp-json\/wp\/v2\/posts\/87532\/revisions"}],"predecessor-version":[{"id":87537,"href":"https:\/\/www.santacroceweb.com\/index.php\/wp-json\/wp\/v2\/posts\/87532\/revisions\/87537"}],"wp:featuredmedia":[{"embeddable":true,"href":"https:\/\/www.santacroceweb.com\/index.php\/wp-json\/wp\/v2\/media\/87533"}],"wp:attachment":[{"href":"https:\/\/www.santacroceweb.com\/index.php\/wp-json\/wp\/v2\/media?parent=87532"}],"wp:term":[{"taxonomy":"category","embeddable":true,"href":"https:\/\/www.santacroceweb.com\/index.php\/wp-json\/wp\/v2\/categories?post=87532"},{"taxonomy":"post_tag","embeddable":true,"href":"https:\/\/www.santacroceweb.com\/index.php\/wp-json\/wp\/v2\/tags?post=87532"}],"curies":[{"name":"wp","href":"https:\/\/api.w.org\/{rel}","templated":true}]}}