{"id":9306,"date":"2013-10-16T11:47:13","date_gmt":"2013-10-16T09:47:13","guid":{"rendered":"http:\/\/www.santacroceweb.com\/giornale1\/?p=9306"},"modified":"2013-10-16T11:47:13","modified_gmt":"2013-10-16T09:47:13","slug":"oggi-parliamo-di-giuseppe-mandara-una-vita-di-corsa-lultimo-successo-e-nel-biathlon","status":"publish","type":"post","link":"https:\/\/www.santacroceweb.com\/index.php\/2013\/10\/16\/oggi-parliamo-di-giuseppe-mandara-una-vita-di-corsa-lultimo-successo-e-nel-biathlon\/","title":{"rendered":"Oggi parliamo di&#8230; Giuseppe Mandar\u00e0! Una vita di corsa: l&#8217;ultimo successo \u00e8 nel biathlon"},"content":{"rendered":"<p style=\"text-align: justify;\">E\u2019 ormai da parecchio tempo che seguiamo le gesta di questo atleta; dagli esordi, quando ancora studente si impegnava a correre in quel di Piacenza, dove frequentava la facolt\u00e0 di Giurisprudenza dell&#8217;universit\u00e0 Cattolica e partecipava a piccole gare di fondo. Spostatosi a Milano per motivi di lavoro, Giuseppe Mandar\u00e0 ha continuato la sua passione. Si \u00e8 iscritto ad una societ\u00e0 di atletica, si \u00e8 fatto seguire da un preparatore esperto e con il suo impegno e la sua determinazione i risultati non sono tardati ad arrivare. E&#8217; passato dalla\u00a0 prima maratona (42,150 km) in 3 h e 48 m a una nel 2010 corsa con lo stupendo tempo di 2 h 55 m. Tempo spettacolare per un dilettante puro nello scenario stupendo quale la maratona di Roma. Per questo e altri piazzamenti in vari gare, sia di maratone che mezze maratone (21 km) corse in Italia, ha ottenuto vari riconoscimenti e articoli su giornali specializzati e non. Ma se questo \u00e8 stato un momento importante della sua vita sportiva, il bello doveva ancora arrivare. Non contento degli incredibili sforzi fatti per portare a termine le maratone cui ha partecipato, si \u00e8 buttato a capofitto in una nuova avventura, il TRIATHLON (nuoto-ciclismo-corsa ). Anche in questa nuova disciplina i risultati non sono mancati. Questo lo ha spronato ancora di pi\u00f9 ad andare avanti sino al raggiungimento del titolo di campione siciliano di categoria nella gara svoltasi a Catania sulla distanza olimpica che prevedeva 1,5 km di nuoto, 40 km di bici, 10 km di corsa. Domenica scorsa ha partecipato al c.d. POWERMAN di Lecco, gara durissima, un biathlon composto da 10 km di corsa, 80 km di bici e altri 20 km di corsa portata a termine in modo esemplare: 40\u00b0 assoluto su 120 atleti, 5\u00b0 di categoria e 6\u00b0 assoluto nella corsa di 20 km. Questi sono solo alcuni risultati ottenuti dal nostro iroman e sono anche la dimostrazione che, seppur provenendo da una piccola realt\u00e0 come la nostra si possono ottenere grossissimi risultati con l\u2019impegno, la forza, la perseveranza e inseguire e realizzare i sogni che ognuno di noi si \u00e8 prefissato.<\/p>\n<p style=\"text-align: right;\"><strong>Salvatore Mandar\u00e0<\/strong><\/p>\n<p style=\"text-align: center;\"><a href=\"https:\/\/www.santacroceweb.com\/giornale1\/wp-content\/uploads\/2013\/10\/Copia-di-giuseppe.jpg\"><img fetchpriority=\"high\" decoding=\"async\" class=\"aligncenter size-medium wp-image-9308 lazyload\" title=\"Copia di giuseppe\" src=\"data:image\/gif;base64,R0lGODlhAQABAAAAACH5BAEKAAEALAAAAAABAAEAAAICTAEAOw==\" data-src=\"https:\/\/www.santacroceweb.com\/giornale1\/wp-content\/uploads\/2013\/10\/Copia-di-giuseppe-225x300.jpg\" alt=\"\" width=\"225\" height=\"300\" data-sizes=\"auto\" data-srcset=\"https:\/\/www.santacroceweb.com\/giornale1\/wp-content\/uploads\/2013\/10\/Copia-di-giuseppe-225x300.jpg 225w, https:\/\/www.santacroceweb.com\/giornale1\/wp-content\/uploads\/2013\/10\/Copia-di-giuseppe.jpg 720w\" sizes=\"(max-width: 225px) 100vw, 225px\" \/><\/a><\/p>\n","protected":false},"excerpt":{"rendered":"<p>E\u2019 ormai da parecchio tempo che seguiamo le gesta di questo atleta; dagli esordi, quando ancora studente si impegnava a correre in quel di Piacenza, dove frequentava la facolt\u00e0 di Giurisprudenza dell&#8217;universit\u00e0 Cattolica e partecipava a piccole gare di fondo. Spostatosi a Milano per motivi di lavoro, Giuseppe Mandar\u00e0 ha continuato la sua passione. Si [&hellip;]<\/p>\n","protected":false},"author":34,"featured_media":9307,"comment_status":"open","ping_status":"open","sticky":false,"template":"","format":"standard","meta":{"footnotes":""},"categories":[1,11,3],"tags":[],"class_list":["post-9306","post","type-post","status-publish","format-standard","has-post-thumbnail","hentry","category-news","category-primopiano","category-sport"],"_links":{"self":[{"href":"https:\/\/www.santacroceweb.com\/index.php\/wp-json\/wp\/v2\/posts\/9306","targetHints":{"allow":["GET"]}}],"collection":[{"href":"https:\/\/www.santacroceweb.com\/index.php\/wp-json\/wp\/v2\/posts"}],"about":[{"href":"https:\/\/www.santacroceweb.com\/index.php\/wp-json\/wp\/v2\/types\/post"}],"author":[{"embeddable":true,"href":"https:\/\/www.santacroceweb.com\/index.php\/wp-json\/wp\/v2\/users\/34"}],"replies":[{"embeddable":true,"href":"https:\/\/www.santacroceweb.com\/index.php\/wp-json\/wp\/v2\/comments?post=9306"}],"version-history":[{"count":0,"href":"https:\/\/www.santacroceweb.com\/index.php\/wp-json\/wp\/v2\/posts\/9306\/revisions"}],"wp:featuredmedia":[{"embeddable":true,"href":"https:\/\/www.santacroceweb.com\/index.php\/wp-json\/wp\/v2\/media\/9307"}],"wp:attachment":[{"href":"https:\/\/www.santacroceweb.com\/index.php\/wp-json\/wp\/v2\/media?parent=9306"}],"wp:term":[{"taxonomy":"category","embeddable":true,"href":"https:\/\/www.santacroceweb.com\/index.php\/wp-json\/wp\/v2\/categories?post=9306"},{"taxonomy":"post_tag","embeddable":true,"href":"https:\/\/www.santacroceweb.com\/index.php\/wp-json\/wp\/v2\/tags?post=9306"}],"curies":[{"name":"wp","href":"https:\/\/api.w.org\/{rel}","templated":true}]}}