{"id":996,"date":"2013-01-15T10:00:12","date_gmt":"2013-01-15T09:00:12","guid":{"rendered":"http:\/\/www.santacroceweb.com\/giornale1\/?p=996"},"modified":"2013-01-15T12:28:17","modified_gmt":"2013-01-15T11:28:17","slug":"i-volontari-del-centro-risvegli-manna-dal-cielo-per-la-sanita-iblea-incontro-col-commissario-dellasp","status":"publish","type":"post","link":"https:\/\/www.santacroceweb.com\/index.php\/2013\/01\/15\/i-volontari-del-centro-risvegli-manna-dal-cielo-per-la-sanita-iblea-incontro-col-commissario-dellasp\/","title":{"rendered":"I volontari del Centro Risvegli manna dal cielo per la sanit\u00e0 iblea: incontro col commissario dell&#8217;Asp"},"content":{"rendered":"<p style=\"text-align: justify;\">La SUAP del G.B. Hodierna di Ragusa ha ospitato, luned\u00ec 14 gennaio, una conferenza stampa organizzata dal Centro Risvegli Ibleo volta a ringraziare il Commissario dell\u2019ASP 7 di Ragusa, Arch. Angelo Aliqu\u00f2, e mostragli su quante forze umane il Centro pu\u00f2 contare per portare avanti il suo ambizioso progetto. Il Commissario Aliqu\u00f2, ex capo della segreteria dell\u2019Assessore alla Sanit\u00e0, Massimo Russo, avendo preso a cuore l\u2019iniziativa del Centro Risvegli, poco prima di Natale ha firmato una convenzione con la quale ha permesso che si potesse svolgere attivit\u00e0 di volontariato presso il G.B. Hodierna dove attualmente sono ricoverati alcuni pazienti che versano in stato di coma vegetativo. Con grande emozione, il presidente del Centro Risvegli, Carmelo Tumino, si \u00e8 rivolto al Commissario Aliqu\u00f2: \u201cAbbiamo fatto tanta strada e adesso siamo arrivati su una buona strada. Quest\u2019anno abbiamo gi\u00e0 fatto un incontro con una formazione di 70 persone. Qui a Ragusa, \u00e8 venuto il Prof. Basagli e la sua equipe. Con il volontariato le cose sono cresciute, abbiamo dei medici che sono qui con noi: il Dott. Francesco Arezzi, la Dott.ssa Valentina Minardi, il Dott. Schembari Raffaele, il Dott. Francesco Puglisi e la Dott.ssa Germana Orofino. Sono volontari che fanno servizio presso l\u2019ASP di Ragusa. Devo ringraziare il Dott. Ragusa, il Dott. Brugaletta ed il Dott. Amato che mi hanno dato un sostegno ammirevole. Inoltre la sua presenza mi ha dato un coraggio enorme \u2013 ha aggiunto Tumino rivolto ad Aliqu\u00f2 \u2013 perch\u00e9 lei \u00e8 stato molto determinato nel voler fare questo regalo di Natale a tante famiglie\u201d. \u201cNon devo prendermi tutti questi ringraziamenti per lavori che hanno fatto altri, credo che sia il mio dovere arrivare in una realt\u00e0 ed esaminare quello che c\u2019\u00e8 cercando di conoscerla in modo diverso da chi la vive e avendo l\u2019opportunit\u00e0 di capire cosa c\u2019\u00e8 da fare, cosa si pu\u00f2 correggere \u2013 ha dichiarato Angelo Aliqu\u00f2 -. Il primo giorno che sono arrivato a Ragusa ho visitato proprio questo reparto ed ho scoperto gi\u00e0 da allora quanto era stato fatto e quanto ancora si pu\u00f2 fare. Noi abbiamo il compito di offrire servizi alla gente. Io spessissimo ho detto che chi lavora con me deve immaginare chi c\u2019\u00e8 dall\u2019altro lato. Cerchiamo di pensare che noi siamo coloro che abbiamo la fortuna di potere fare il bene degli altri. Noi abbiamo la fortuna di fare il lavoro pi\u00f9 bello del mondo: lavoriamo per gli altri. Il risultato del nostro lavoro lo vediamo subito perch\u00e9 vediamo madri che trovano un minimo di serenit\u00e0, la possibilit\u00e0 di vivere altri momenti oltre quelli dell\u2019assistenza continua ai propri cari. Mi hanno detto che adesso il vostro reparto sar\u00e0 completo perch\u00e9 arriveranno nuovi pazienti, quindi il mio compito \u00e8 quello di mettere in condizioni chi ci lavora di lavorare meglio, facendo venire le persone che servono. L\u2019aspetto sanitario prevale su ogni altro aspetto. L\u2019amministrazione \u00e8 a supporto dei servizi sanitari e non fine a se stesso\u201d. Subito dopo, Carmelo Tumino ha omaggiato il Commissario Aliqu\u00f2 di una maglietta con il logo del Centro Risvegli e personalizzata col suo nome. \u201cIo sono quello che mette la firma, ma non faccio il lavoro, io lo condivido ma lo fate voi e vi ringrazio per il pensiero e vorrei estenderlo a tutti quelli che lavorano e si stanno impegnando\u201d. Anche il Direttore Sanitario del reparto, Dott. Giovanni Ragusa, si mostra soddisfatto del contributo che il Centro Risvegli sta apportando: \u201cIl 30 giugno del 2011 abbiamo aperto questa struttura che accoglie pazienti in coma, stabilizzati, che provengono dalle rianimazioni ospedaliere. Il Centro Risvegli si vuole occupare di questo tipo di pazienti privatamente, adesso si \u00e8 trovata questa comunit\u00e0 di intenti ed attraverso la sponsorizzazione della Regione e della nostra azienda li stiamo accogliendo per fare volontariato nella struttura. Ci sono dei professionisti in pensione che si impegneranno una, due volte alla settimana a venire da noi per fare dei controlli clinici specialistici ai nostri pazienti. Il tutto viene coordinato da me perch\u00e9 l\u2019impronta deve essere dell\u2019azienda, per\u00f2 noi siamo ben contenti di utilizzare queste risorse. Qualcuno di questi pazienti comincia a riprendersi, a dare segni di attivit\u00e0 cerebrale. Abbiamo un tunisino di 32 anni che si \u00e8 ripreso dopo due anni di coma e adesso comunica con noi. Abbiamo una signora che a seguito di un ictus emorragico era in coma e adesso comincia a dare segni di risveglio, come abbiamo dei pazienti in coma irreversibile\u201d. Importantissimo il supporto dei professionisti che si sono mostrati fortemente motivati da questa iniziativa. Ad esempio il Dott. Francesco Arezzi, ex primario di psichiatria e successivamente di neurologia\u00a0 dell\u2019ospedale di Scicli, rivela che ha avuto in cura Sara, una degente del reparto, figlia del Professor Luciano Di Natale, importante elemento propulsore del Centro Risvegli. \u201cIo ho avuto modo di visitare Sara dopo l\u2019accaduto (l\u2019entrata in coma dopo aver mangiato una polpetta di carne trattata con solfiti), mi sono affezionato, la vedevo di tanto in tanto per valutare le condizioni neurologiche. Tutto \u00e8 nato con Sara. C\u2019erano comunque altri pazienti in provincia alcuni che conoscevo privatamente e altri che sono nati dopo Sara. C\u2019\u00e8 stato questo movimento provinciale per cercare di far nascere qui questo Centro Risvegli\u00a0 che era gi\u00e0 presente in altri luoghi italiani\u201d. Analogo entusiasmo ha mostrato un altro dei volontari: \u201cConoscevo il Dott. Rocco Bitetti, io non sapevo nulla del Centro Risvegli. Mi ha parlato lui di questa problematica ed io con molto entusiasmo ho aderito \u2013 ha dichiarato il Dott. Francesco Puglisi, primario di chirurgia toracica dell\u2019ospedale di Ragusa Ibla \u2013 . Molti malati, oltre ai problemi legati al loro stato, hanno quasi tutti problemi polmonari, in quanto sono tutti tracheotomizzati, con cannula,\u00a0 bisogna gestire le situazioni anche da un punto di vista toracico\u201d.\u00a0 \u201cSeguir\u00f2 tutti i pazienti da un punto di vista internistico \u2013 ha sostenuto il Dott. Raffaele Schembari, Dirigente medico di medicina interna dell\u2019Ospedale di Ragusa -. Per mia indole io da diversi anni faccio volontariato perch\u00e9 sono gi\u00e0 il medico dell\u2019Unitalsi e sono medico delle societ\u00e0 sportive per disabili, quindi mi \u00e8 venuto facile entrare a far parte di quest\u2019iniziativa importante, anzi, importantissima. Direi che \u00e8 \u00a0l\u2019unica in Sicilia e ci fregiamo di essere i primi di questa cosa\u201d. Un progetto partito in punta di piedi che sta assumendo proporzioni notevoli a dimostrazione che la solidariet\u00e0 esiste e, a volte, raggiunge \u2018vette\u2019 inaspettate.<\/p>\n<p style=\"text-align: right;\"><strong>Antonella Galuppi<\/strong><\/p>\n<p style=\"text-align: center;\"><a href=\"https:\/\/www.santacroceweb.com\/giornale1\/wp-content\/uploads\/2013\/01\/397689_548753611804027_168906559_n1.jpg\"><img fetchpriority=\"high\" decoding=\"async\" class=\"aligncenter size-medium wp-image-998 lazyload\" title=\"397689_548753611804027_168906559_n[1]\" src=\"data:image\/gif;base64,R0lGODlhAQABAAAAACH5BAEKAAEALAAAAAABAAEAAAICTAEAOw==\" data-src=\"https:\/\/www.santacroceweb.com\/giornale1\/wp-content\/uploads\/2013\/01\/397689_548753611804027_168906559_n1-300x225.jpg\" alt=\"\" width=\"300\" height=\"225\" data-sizes=\"auto\" data-srcset=\"https:\/\/www.santacroceweb.com\/giornale1\/wp-content\/uploads\/2013\/01\/397689_548753611804027_168906559_n1-300x225.jpg 300w, https:\/\/www.santacroceweb.com\/giornale1\/wp-content\/uploads\/2013\/01\/397689_548753611804027_168906559_n1-768x576.jpg 768w, https:\/\/www.santacroceweb.com\/giornale1\/wp-content\/uploads\/2013\/01\/397689_548753611804027_168906559_n1-86x64.jpg 86w, https:\/\/www.santacroceweb.com\/giornale1\/wp-content\/uploads\/2013\/01\/397689_548753611804027_168906559_n1.jpg 960w\" sizes=\"(max-width: 300px) 100vw, 300px\" \/><\/a><\/p>\n","protected":false},"excerpt":{"rendered":"<p>La SUAP del G.B. Hodierna di Ragusa ha ospitato, luned\u00ec 14 gennaio, una conferenza stampa organizzata dal Centro Risvegli Ibleo volta a ringraziare il Commissario dell\u2019ASP 7 di Ragusa, Arch. Angelo Aliqu\u00f2, e mostragli su quante forze umane il Centro pu\u00f2 contare per portare avanti il suo ambizioso progetto. Il Commissario Aliqu\u00f2, ex capo della [&hellip;]<\/p>\n","protected":false},"author":4,"featured_media":997,"comment_status":"open","ping_status":"open","sticky":false,"template":"","format":"standard","meta":{"footnotes":""},"categories":[8],"tags":[],"class_list":["post-996","post","type-post","status-publish","format-standard","has-post-thumbnail","hentry","category-attualita"],"_links":{"self":[{"href":"https:\/\/www.santacroceweb.com\/index.php\/wp-json\/wp\/v2\/posts\/996","targetHints":{"allow":["GET"]}}],"collection":[{"href":"https:\/\/www.santacroceweb.com\/index.php\/wp-json\/wp\/v2\/posts"}],"about":[{"href":"https:\/\/www.santacroceweb.com\/index.php\/wp-json\/wp\/v2\/types\/post"}],"author":[{"embeddable":true,"href":"https:\/\/www.santacroceweb.com\/index.php\/wp-json\/wp\/v2\/users\/4"}],"replies":[{"embeddable":true,"href":"https:\/\/www.santacroceweb.com\/index.php\/wp-json\/wp\/v2\/comments?post=996"}],"version-history":[{"count":0,"href":"https:\/\/www.santacroceweb.com\/index.php\/wp-json\/wp\/v2\/posts\/996\/revisions"}],"wp:featuredmedia":[{"embeddable":true,"href":"https:\/\/www.santacroceweb.com\/index.php\/wp-json\/wp\/v2\/media\/997"}],"wp:attachment":[{"href":"https:\/\/www.santacroceweb.com\/index.php\/wp-json\/wp\/v2\/media?parent=996"}],"wp:term":[{"taxonomy":"category","embeddable":true,"href":"https:\/\/www.santacroceweb.com\/index.php\/wp-json\/wp\/v2\/categories?post=996"},{"taxonomy":"post_tag","embeddable":true,"href":"https:\/\/www.santacroceweb.com\/index.php\/wp-json\/wp\/v2\/tags?post=996"}],"curies":[{"name":"wp","href":"https:\/\/api.w.org\/{rel}","templated":true}]}}